{"id":1,"name":"admin","url":"https:\/\/ophtanews.com","description":"","link":"https:\/\/ophtanews.com\/en\/author\/cesar_l3zacbv6\/","slug":"cesar_l3zacbv6","avatar_urls":{"24":"https:\/\/secure.gravatar.com\/avatar\/e7bb963b220c9f6f27e409cee3ae1ff9b407a7049e2ef1d37c0537d0027238db?s=24&d=mm&r=g","48":"https:\/\/secure.gravatar.com\/avatar\/e7bb963b220c9f6f27e409cee3ae1ff9b407a7049e2ef1d37c0537d0027238db?s=48&d=mm&r=g","96":"https:\/\/secure.gravatar.com\/avatar\/e7bb963b220c9f6f27e409cee3ae1ff9b407a7049e2ef1d37c0537d0027238db?s=96&d=mm&r=g"},"meta":[],"yoast_head":"<!-- This site is optimized with the Yoast SEO plugin v27.5 - https:\/\/yoast.com\/product\/yoast-seo-wordpress\/ -->\n<title>admin, auteur\/autrice sur Ophta\u2019News 2026 \u2013 30\u00e8me \u00e9dition du Congr\u00e8s d\u2019Ophtalmologie | Nice 26-27 juin 2026<\/title>\n<meta name=\"robots\" content=\"index, follow, max-snippet:-1, max-image-preview:large, max-video-preview:-1\" \/>\n<link rel=\"canonical\" href=\"https:\/\/ophtanews.com\/en\/author\/cesar_l3zacbv6\/\" \/>\n<meta property=\"og:locale\" content=\"en_US\" \/>\n<meta property=\"og:type\" content=\"profile\" \/>\n<meta property=\"og:title\" content=\"admin, auteur\/autrice sur Ophta\u2019News 2026 \u2013 30\u00e8me \u00e9dition du Congr\u00e8s d\u2019Ophtalmologie | Nice 26-27 juin 2026\" \/>\n<meta property=\"og:url\" content=\"https:\/\/ophtanews.com\/author\/cesar_l3zacbv6\/\" \/>\n<meta property=\"og:site_name\" content=\"Ophta\u2019News 2026 \u2013 30\u00e8me \u00e9dition du Congr\u00e8s d\u2019Ophtalmologie | Nice 26-27 juin 2026\" \/>\n<meta property=\"og:image\" content=\"https:\/\/secure.gravatar.com\/avatar\/e7bb963b220c9f6f27e409cee3ae1ff9b407a7049e2ef1d37c0537d0027238db?s=500&d=mm&r=g\" \/>\n<meta name=\"twitter:card\" content=\"summary_large_image\" \/>\n<script type=\"application\/ld+json\" class=\"yoast-schema-graph\">{\"@context\":\"https:\\\/\\\/schema.org\",\"@graph\":[{\"@type\":\"ProfilePage\",\"@id\":\"https:\\\/\\\/ophtanews.com\\\/author\\\/cesar_l3zacbv6\\\/\",\"url\":\"https:\\\/\\\/ophtanews.com\\\/author\\\/cesar_l3zacbv6\\\/\",\"name\":\"admin, auteur\\\/autrice sur Ophta\u2019News 2026 \u2013 30\u00e8me \u00e9dition du Congr\u00e8s d\u2019Ophtalmologie | Nice 26-27 juin 2026\",\"isPartOf\":{\"@id\":\"https:\\\/\\\/ophtanews.com\\\/en\\\/#website\"},\"breadcrumb\":{\"@id\":\"https:\\\/\\\/ophtanews.com\\\/author\\\/cesar_l3zacbv6\\\/#breadcrumb\"},\"inLanguage\":\"en-US\",\"potentialAction\":[{\"@type\":\"ReadAction\",\"target\":[\"https:\\\/\\\/ophtanews.com\\\/author\\\/cesar_l3zacbv6\\\/\"]}]},{\"@type\":\"BreadcrumbList\",\"@id\":\"https:\\\/\\\/ophtanews.com\\\/author\\\/cesar_l3zacbv6\\\/#breadcrumb\",\"itemListElement\":[{\"@type\":\"ListItem\",\"position\":1,\"name\":\"Accueil\",\"item\":\"https:\\\/\\\/ophtanews.com\\\/en\\\/\"},{\"@type\":\"ListItem\",\"position\":2,\"name\":\"Archives pour admin\"}]},{\"@type\":\"WebSite\",\"@id\":\"https:\\\/\\\/ophtanews.com\\\/en\\\/#website\",\"url\":\"https:\\\/\\\/ophtanews.com\\\/en\\\/\",\"name\":\"Ophta\u2019News 2026 \u2013 30\u00e8me \u00e9dition du Congr\u00e8s d\u2019Ophtalmologie | Nice 26-27 juin 2026\",\"description\":\"Ophta&#039;News - Refractiv&#039;News - Retina&#039;News - Esthetic&#039;News - Palpebral&#039;News - Presbymania\",\"potentialAction\":[{\"@type\":\"SearchAction\",\"target\":{\"@type\":\"EntryPoint\",\"urlTemplate\":\"https:\\\/\\\/ophtanews.com\\\/en\\\/?s={search_term_string}\"},\"query-input\":{\"@type\":\"PropertyValueSpecification\",\"valueRequired\":true,\"valueName\":\"search_term_string\"}}],\"inLanguage\":\"en-US\"},{\"@type\":\"Person\",\"@id\":\"https:\\\/\\\/ophtanews.com\\\/en\\\/#\\\/schema\\\/person\\\/a2b7eabc7e789b399003155759f502d5\",\"name\":\"admin\",\"image\":{\"@type\":\"ImageObject\",\"inLanguage\":\"en-US\",\"@id\":\"https:\\\/\\\/secure.gravatar.com\\\/avatar\\\/e7bb963b220c9f6f27e409cee3ae1ff9b407a7049e2ef1d37c0537d0027238db?s=96&d=mm&r=g\",\"url\":\"https:\\\/\\\/secure.gravatar.com\\\/avatar\\\/e7bb963b220c9f6f27e409cee3ae1ff9b407a7049e2ef1d37c0537d0027238db?s=96&d=mm&r=g\",\"contentUrl\":\"https:\\\/\\\/secure.gravatar.com\\\/avatar\\\/e7bb963b220c9f6f27e409cee3ae1ff9b407a7049e2ef1d37c0537d0027238db?s=96&d=mm&r=g\",\"caption\":\"admin\"},\"sameAs\":[\"https:\\\/\\\/ophtanews.com\"],\"mainEntityOfPage\":{\"@id\":\"https:\\\/\\\/ophtanews.com\\\/author\\\/cesar_l3zacbv6\\\/\"}}]}<\/script>\n<!-- \/ Yoast SEO plugin. -->","yoast_head_json":{"title":"admin, auteur\/autrice sur Ophta\u2019News 2026 \u2013 30\u00e8me \u00e9dition du Congr\u00e8s d\u2019Ophtalmologie | Nice 26-27 juin 2026","robots":{"index":"index","follow":"follow","max-snippet":"max-snippet:-1","max-image-preview":"max-image-preview:large","max-video-preview":"max-video-preview:-1"},"canonical":"https:\/\/ophtanews.com\/en\/author\/cesar_l3zacbv6\/","og_locale":"en_US","og_type":"profile","og_title":"admin, auteur\/autrice sur Ophta\u2019News 2026 \u2013 30\u00e8me \u00e9dition du Congr\u00e8s d\u2019Ophtalmologie | Nice 26-27 juin 2026","og_url":"https:\/\/ophtanews.com\/author\/cesar_l3zacbv6\/","og_site_name":"Ophta\u2019News 2026 \u2013 30\u00e8me \u00e9dition du Congr\u00e8s d\u2019Ophtalmologie | Nice 26-27 juin 2026","og_image":[{"url":"https:\/\/secure.gravatar.com\/avatar\/e7bb963b220c9f6f27e409cee3ae1ff9b407a7049e2ef1d37c0537d0027238db?s=500&d=mm&r=g","type":"","width":"","height":""}],"twitter_card":"summary_large_image","schema":{"@context":"https:\/\/schema.org","@graph":[{"@type":"ProfilePage","@id":"https:\/\/ophtanews.com\/author\/cesar_l3zacbv6\/","url":"https:\/\/ophtanews.com\/author\/cesar_l3zacbv6\/","name":"admin, auteur\/autrice sur Ophta\u2019News 2026 \u2013 30\u00e8me \u00e9dition du Congr\u00e8s d\u2019Ophtalmologie | Nice 26-27 juin 2026","isPartOf":{"@id":"https:\/\/ophtanews.com\/en\/#website"},"breadcrumb":{"@id":"https:\/\/ophtanews.com\/author\/cesar_l3zacbv6\/#breadcrumb"},"inLanguage":"en-US","potentialAction":[{"@type":"ReadAction","target":["https:\/\/ophtanews.com\/author\/cesar_l3zacbv6\/"]}]},{"@type":"BreadcrumbList","@id":"https:\/\/ophtanews.com\/author\/cesar_l3zacbv6\/#breadcrumb","itemListElement":[{"@type":"ListItem","position":1,"name":"Accueil","item":"https:\/\/ophtanews.com\/en\/"},{"@type":"ListItem","position":2,"name":"Archives pour admin"}]},{"@type":"WebSite","@id":"https:\/\/ophtanews.com\/en\/#website","url":"https:\/\/ophtanews.com\/en\/","name":"Ophta\u2019News 2026 \u2013 30\u00e8me \u00e9dition du Congr\u00e8s d\u2019Ophtalmologie | Nice 26-27 juin 2026","description":"Ophta&#039;News - Refractiv&#039;News - Retina&#039;News - Esthetic&#039;News - Palpebral&#039;News - Presbymania","potentialAction":[{"@type":"SearchAction","target":{"@type":"EntryPoint","urlTemplate":"https:\/\/ophtanews.com\/en\/?s={search_term_string}"},"query-input":{"@type":"PropertyValueSpecification","valueRequired":true,"valueName":"search_term_string"}}],"inLanguage":"en-US"},{"@type":"Person","@id":"https:\/\/ophtanews.com\/en\/#\/schema\/person\/a2b7eabc7e789b399003155759f502d5","name":"admin","image":{"@type":"ImageObject","inLanguage":"en-US","@id":"https:\/\/secure.gravatar.com\/avatar\/e7bb963b220c9f6f27e409cee3ae1ff9b407a7049e2ef1d37c0537d0027238db?s=96&d=mm&r=g","url":"https:\/\/secure.gravatar.com\/avatar\/e7bb963b220c9f6f27e409cee3ae1ff9b407a7049e2ef1d37c0537d0027238db?s=96&d=mm&r=g","contentUrl":"https:\/\/secure.gravatar.com\/avatar\/e7bb963b220c9f6f27e409cee3ae1ff9b407a7049e2ef1d37c0537d0027238db?s=96&d=mm&r=g","caption":"admin"},"sameAs":["https:\/\/ophtanews.com"],"mainEntityOfPage":{"@id":"https:\/\/ophtanews.com\/author\/cesar_l3zacbv6\/"}}]}},"is_super_admin":true,"woocommerce_meta":{"variable_product_tour_shown":"","activity_panel_inbox_last_read":"","activity_panel_reviews_last_read":"","categories_report_columns":"","coupons_report_columns":"","customers_report_columns":"","orders_report_columns":"","products_report_columns":"","revenue_report_columns":"","taxes_report_columns":"","variations_report_columns":"","dashboard_sections":"","dashboard_chart_type":"","dashboard_chart_interval":"","dashboard_leaderboard_rows":"","order_attribution_install_banner_dismissed":"","scheduled_updates_promotion_notice_dismissed":"","homepage_layout":"","homepage_stats":"","task_list_tracked_started_tasks":"","android_app_banner_dismissed":"","launch_your_store_tour_hidden":"","coming_soon_banner_dismissed":"no"},"elementor_introduction":{"ai-get-started-announcement":true,"globals_introduction":true,"yoast-introduction-editor-v2":true,"e-editor-one-notice-pointer":true},"_links":{"self":[{"href":"https:\/\/ophtanews.com\/en\/wp-json\/wp\/v2\/users\/1","targetHints":{"allow":["GET"]}}],"collection":[{"href":"https:\/\/ophtanews.com\/en\/wp-json\/wp\/v2\/users"}]}}